{"id":6673,"date":"2024-11-19T09:54:21","date_gmt":"2024-11-19T08:54:21","guid":{"rendered":"https:\/\/reverent-antonelli.23-88-7-78.plesk.page\/contrust-news\/"},"modified":"2025-08-19T13:12:37","modified_gmt":"2025-08-19T11:12:37","slug":"contrust-news","status":"publish","type":"post","link":"https:\/\/normativeorders.net\/en\/contrust-news\/","title":{"rendered":"ConTrust News"},"content":{"rendered":"            \n        <section class=\"press\" data-category=\"[58]\" data-category2=\"[]\" data-numberposts=\"12\">\n            <div class=\"container\">\n                <h2>Aktuelle Meldungen aus ConTrust<\/h2>\n                \n<div class=\"block-press\">\n                <div class=\"box-card\">\n                                    <div class=\"box-img\">\n                        <img decoding=\"async\" src=\"https:\/\/normativeorders.net\/wp-content\/uploads\/2025\/05\/Newsletter-01-25-6.webp\" class=\"attachment-full size-full wp-post-image\" alt=\"\" srcset=\"https:\/\/normativeorders.net\/wp-content\/uploads\/2025\/05\/Newsletter-01-25-6.webp 608w, https:\/\/normativeorders.net\/wp-content\/uploads\/2025\/05\/Newsletter-01-25-6-178x300.webp 178w\" sizes=\"(max-width: 608px) 100vw, 608px\" \/>                    <\/div>\n                                <div class=\"box-info\">\n                    <div class=\"box-date\">05.05.2025<\/div>\n                                            <div class=\"box-type\">ConTrust<\/div>\n                                    <\/div>\n                <div class=\"box-main\">\n                    <h3><a href=\"https:\/\/normativeorders.net\/en\/news\/normative-orders-newsletter-01-25-published\/\">Normative Orders Newsletter 01\/25 published<\/a><\/h3>\n                    <p>The newsletter from Research Centre Normative Orders collects information on current events, reports, news and publications several times a year. Read the first issue 2025 here. <\/p>                    <a class=\"box-link\" href=\"https:\/\/normativeorders.net\/en\/news\/normative-orders-newsletter-01-25-published\/\">more information \u203a<\/a>\n                <\/div>\n            <\/div>\n                    <div class=\"box-card\">\n                                    <div class=\"box-img\">\n                        <img decoding=\"async\" src=\"https:\/\/normativeorders.net\/wp-content\/uploads\/2024\/11\/product_pages.png\" class=\"attachment-full size-full wp-post-image\" alt=\"\" srcset=\"https:\/\/normativeorders.net\/wp-content\/uploads\/2024\/11\/product_pages.png 800w, https:\/\/normativeorders.net\/wp-content\/uploads\/2024\/11\/product_pages-225x300.png 225w, https:\/\/normativeorders.net\/wp-content\/uploads\/2024\/11\/product_pages-768x1023.png 768w\" sizes=\"(max-width: 800px) 100vw, 800px\" \/>                    <\/div>\n                                <div class=\"box-info\">\n                    <div class=\"box-date\">28.11.2024<\/div>\n                                            <div class=\"box-type\">ConTrust<\/div>\n                                    <\/div>\n                <div class=\"box-main\">\n                    <h3><a href=\"https:\/\/normativeorders.net\/en\/news\/marie-theres-piening-julia-habermann-and-tobias-singelnstein-publish-article-on-trust-in-and-control-of-the-police\/\">Marie-Theres Piening, Julia Habermann and Tobias Singelnstein publish article on trust in and control of the police<\/a><\/h3>\n                    <p>The article &#8220;Police: Trust is good, but so is control&#8221; by ConTrust researchers discusses perceptions and attitudes in the population towards problems in the police, police control and dealing with misconduct, as well as the consequences for legitimacy and trust in the police.<\/p>                    <a class=\"box-link\" href=\"https:\/\/normativeorders.net\/en\/news\/marie-theres-piening-julia-habermann-and-tobias-singelnstein-publish-article-on-trust-in-and-control-of-the-police\/\">more information \u203a<\/a>\n                <\/div>\n            <\/div>\n                    <div class=\"box-card\">\n                                    <div class=\"box-img\">\n                        <img decoding=\"async\" src=\"https:\/\/normativeorders.net\/wp-content\/uploads\/2024\/11\/csm_Hendrik_Simon_Pressebild_ff72018469.jpg\" class=\"attachment-full size-full wp-post-image\" alt=\"\" srcset=\"https:\/\/normativeorders.net\/wp-content\/uploads\/2024\/11\/csm_Hendrik_Simon_Pressebild_ff72018469.jpg 600w, https:\/\/normativeorders.net\/wp-content\/uploads\/2024\/11\/csm_Hendrik_Simon_Pressebild_ff72018469-300x300.jpg 300w, https:\/\/normativeorders.net\/wp-content\/uploads\/2024\/11\/csm_Hendrik_Simon_Pressebild_ff72018469-150x150.jpg 150w\" sizes=\"(max-width: 600px) 100vw, 600px\" \/>                    <\/div>\n                                <div class=\"box-info\">\n                    <div class=\"box-date\">21.11.2024<\/div>\n                                            <div class=\"box-type\">ConTrust<\/div>\n                                    <\/div>\n                <div class=\"box-main\">\n                    <h3><a href=\"https:\/\/normativeorders.net\/en\/news\/hendrik-simon-receives-the-3rd-jost-delbrueck-prize-2024\/\">Hendrik Simon receives the 3rd Jost Delbr\u00fcck Prize 2024<\/a><\/h3>\n                    <p>On 19 November 2024, Dr. Hendrik Simon (member of the ConTrust research initiative) was awarded the 3rd Jost Delbr\u00fcck Prize for his book &#8220;A Century of Anarchy? War, Normativity, and the Birth of Modern International Order&#8221; was awarded the 3rd Jost Delbr\u00fcck Prize.<\/p>                    <a class=\"box-link\" href=\"https:\/\/normativeorders.net\/en\/news\/hendrik-simon-receives-the-3rd-jost-delbrueck-prize-2024\/\">more information \u203a<\/a>\n                <\/div>\n            <\/div>\n                    <div class=\"box-card\">\n                                    <div class=\"box-img\">\n                        <img decoding=\"async\" src=\"https:\/\/normativeorders.net\/wp-content\/uploads\/2024\/11\/image001-copy-2.jpeg\" class=\"attachment-full size-full wp-post-image\" alt=\"Foto: privat\" srcset=\"https:\/\/normativeorders.net\/wp-content\/uploads\/2024\/11\/image001-copy-2.jpeg 1600w, https:\/\/normativeorders.net\/wp-content\/uploads\/2024\/11\/image001-copy-2-300x200.jpeg 300w, https:\/\/normativeorders.net\/wp-content\/uploads\/2024\/11\/image001-copy-2-1024x682.jpeg 1024w, https:\/\/normativeorders.net\/wp-content\/uploads\/2024\/11\/image001-copy-2-768x512.jpeg 768w, https:\/\/normativeorders.net\/wp-content\/uploads\/2024\/11\/image001-copy-2-1536x1023.jpeg 1536w\" sizes=\"(max-width: 1600px) 100vw, 1600px\" \/>                    <\/div>\n                                <div class=\"box-info\">\n                    <div class=\"box-date\">19.11.2024<\/div>\n                                            <div class=\"box-type\">ConTrust<\/div>\n                                    <\/div>\n                <div class=\"box-main\">\n                    <h3><a href=\"https:\/\/normativeorders.net\/en\/news\/pavan-kumar-malreddy-receives-feodor-lynen-research-fellowship-from-the-alexander-von-humboldt-foundation\/\">Pavan Kumar Malreddy receives Feodor Lynen Research Fellowship from the Alexander von Humboldt Foundation<\/a><\/h3>\n                    <p>Malreddy, who conducts research into English-language literary and cultural studies, is being funded as part of the program on the basis of his research project &#8220;The Right to Unbelong: The Ethics and Aesthetics of Contemporary Migrant Literary Cultures&#8221;.<\/p>                    <a class=\"box-link\" href=\"https:\/\/normativeorders.net\/en\/news\/pavan-kumar-malreddy-receives-feodor-lynen-research-fellowship-from-the-alexander-von-humboldt-foundation\/\">more information \u203a<\/a>\n                <\/div>\n            <\/div>\n                    <div class=\"box-card\">\n                                    <div class=\"box-img\">\n                        <img decoding=\"async\" src=\"https:\/\/normativeorders.net\/wp-content\/uploads\/2024\/09\/benhabib_web.jpg\" class=\"attachment-full size-full wp-post-image\" alt=\"\" srcset=\"https:\/\/normativeorders.net\/wp-content\/uploads\/2024\/09\/benhabib_web.jpg 1600w, https:\/\/normativeorders.net\/wp-content\/uploads\/2024\/09\/benhabib_web-300x225.jpg 300w, https:\/\/normativeorders.net\/wp-content\/uploads\/2024\/09\/benhabib_web-1024x768.jpg 1024w, https:\/\/normativeorders.net\/wp-content\/uploads\/2024\/09\/benhabib_web-768x576.jpg 768w, https:\/\/normativeorders.net\/wp-content\/uploads\/2024\/09\/benhabib_web-1536x1152.jpg 1536w\" sizes=\"(max-width: 1600px) 100vw, 1600px\" \/>                    <\/div>\n                                <div class=\"box-info\">\n                    <div class=\"box-date\">17.09.2024<\/div>\n                                            <div class=\"box-type\">ConTrust<\/div>\n                                    <\/div>\n                <div class=\"box-main\">\n                    <h3><a href=\"https:\/\/normativeorders.net\/en\/news\/presentation-of-the-theodor-w-adorno-prize-to-prof-dr-seyla-benhabib\/\">Presentation of the Theodor W. Adorno Prize to Prof. Dr. Seyla Benhabib<\/a><\/h3>\n                    <p>On September 11, 2024, the renowned political philosopher Prof. Dr. Seyla Benhabib was awarded the Theodor W. Adorno Prize 2024 in the Paulskirche Frankfurt am Main for her outstanding services to critical theory, political philosophy and democracy research.<\/p>                    <a class=\"box-link\" href=\"https:\/\/normativeorders.net\/en\/news\/presentation-of-the-theodor-w-adorno-prize-to-prof-dr-seyla-benhabib\/\">more information \u203a<\/a>\n                <\/div>\n            <\/div>\n                    <div class=\"box-card\">\n                                    <div class=\"box-img\">\n                        <img decoding=\"async\" src=\"https:\/\/normativeorders.net\/wp-content\/uploads\/2024\/06\/police-accountability.jpg\" class=\"attachment-full size-full wp-post-image\" alt=\"\" srcset=\"https:\/\/normativeorders.net\/wp-content\/uploads\/2024\/06\/police-accountability.jpg 1061w, https:\/\/normativeorders.net\/wp-content\/uploads\/2024\/06\/police-accountability-212x300.jpg 212w, https:\/\/normativeorders.net\/wp-content\/uploads\/2024\/06\/police-accountability-724x1024.jpg 724w, https:\/\/normativeorders.net\/wp-content\/uploads\/2024\/06\/police-accountability-768x1086.jpg 768w\" sizes=\"(max-width: 1061px) 100vw, 1061px\" \/>                    <\/div>\n                                <div class=\"box-info\">\n                    <div class=\"box-date\">05.06.2024<\/div>\n                                            <div class=\"box-type\">ConTrust<\/div>\n                                    <\/div>\n                <div class=\"box-main\">\n                    <h3><a href=\"https:\/\/normativeorders.net\/en\/news\/fourth-contrust-practice-forum-presents-international-comparative-study-on-police-control-from-five-countries\/\">Fourth ConTrust Practice Forum presents international comparative study on police control from five countries<\/a><\/h3>\n                    <p>What powers and objectives do independent police complaints bodies have &#8211; also in comparison to other police control bodies? How well are the complaints offices known to the public? And how do they actually function in an international comparison?  <\/p>                    <a class=\"box-link\" href=\"https:\/\/normativeorders.net\/en\/news\/fourth-contrust-practice-forum-presents-international-comparative-study-on-police-control-from-five-countries\/\">more information \u203a<\/a>\n                <\/div>\n            <\/div>\n                    <div class=\"box-card\">\n                                    <div class=\"box-img\">\n                        <img decoding=\"async\" src=\"https:\/\/normativeorders.net\/wp-content\/uploads\/2024\/06\/2024-06_17_Speaker-Series-Eyal.jpg\" class=\"attachment-full size-full wp-post-image\" alt=\"\" srcset=\"https:\/\/normativeorders.net\/wp-content\/uploads\/2024\/06\/2024-06_17_Speaker-Series-Eyal.jpg 1900w, https:\/\/normativeorders.net\/wp-content\/uploads\/2024\/06\/2024-06_17_Speaker-Series-Eyal-300x169.jpg 300w, https:\/\/normativeorders.net\/wp-content\/uploads\/2024\/06\/2024-06_17_Speaker-Series-Eyal-1024x576.jpg 1024w, https:\/\/normativeorders.net\/wp-content\/uploads\/2024\/06\/2024-06_17_Speaker-Series-Eyal-768x432.jpg 768w, https:\/\/normativeorders.net\/wp-content\/uploads\/2024\/06\/2024-06_17_Speaker-Series-Eyal-1536x864.jpg 1536w\" sizes=\"(max-width: 1900px) 100vw, 1900px\" \/>                    <\/div>\n                                <div class=\"box-info\">\n                    <div class=\"box-date\">04.06.2024<\/div>\n                                            <div class=\"box-type\">ConTrust<\/div>\n                                    <\/div>\n                <div class=\"box-main\">\n                    <h3><a href=\"https:\/\/normativeorders.net\/en\/news\/gil-eyal-speaks-in-the-contrust-speaker-series-about-misconceptions-in-trust-research\/\">Gil Eyal speaks in the ConTrust Speaker Series about misconceptions in trust research<\/a><\/h3>\n                    <p>At the beginning of the 21st century, the diagnoses of a general loss of trust in science, experts and public institutions have increased just as explosively as the scientific field of trust research.<\/p>                    <a class=\"box-link\" href=\"https:\/\/normativeorders.net\/en\/news\/gil-eyal-speaks-in-the-contrust-speaker-series-about-misconceptions-in-trust-research\/\">more information \u203a<\/a>\n                <\/div>\n            <\/div>\n                    <div class=\"box-card\">\n                                    <div class=\"box-img\">\n                        <img decoding=\"async\" src=\"https:\/\/normativeorders.net\/wp-content\/uploads\/2024\/01\/Frankfurter-Schule_Vera-King.jpg\" class=\"attachment-full size-full wp-post-image\" alt=\"\" srcset=\"https:\/\/normativeorders.net\/wp-content\/uploads\/2024\/01\/Frankfurter-Schule_Vera-King.jpg 1122w, https:\/\/normativeorders.net\/wp-content\/uploads\/2024\/01\/Frankfurter-Schule_Vera-King-216x300.jpg 216w, https:\/\/normativeorders.net\/wp-content\/uploads\/2024\/01\/Frankfurter-Schule_Vera-King-737x1024.jpg 737w, https:\/\/normativeorders.net\/wp-content\/uploads\/2024\/01\/Frankfurter-Schule_Vera-King-768x1067.jpg 768w, https:\/\/normativeorders.net\/wp-content\/uploads\/2024\/01\/Frankfurter-Schule_Vera-King-1105x1536.jpg 1105w\" sizes=\"(max-width: 1122px) 100vw, 1122px\" \/>                    <\/div>\n                                <div class=\"box-info\">\n                    <div class=\"box-date\">11.01.2024<\/div>\n                                            <div class=\"box-type\">ConTrust<\/div>\n                                    <\/div>\n                <div class=\"box-main\">\n                    <h3><a href=\"https:\/\/normativeorders.net\/en\/news\/vera-king-talks-about-the-rise-of-and-defense-against-authoritarianism\/\">Vera King talks about the rise of and defense against authoritarianism<\/a><\/h3>\n                    <p>In the fourth event in the &#8220;Frankfurter Schule&#8221; series, social psychologist Prof. Dr. Vera King will talk about the challenges posed by authoritarian attitudes and ideologies. The lecture entitled &#8220;Who is authoritarian?&#8221; will take place on February 5 from 7 p.m. at the Museum for Communication in Frankfurt. <\/p>                    <a class=\"box-link\" href=\"https:\/\/normativeorders.net\/en\/news\/vera-king-talks-about-the-rise-of-and-defense-against-authoritarianism\/\">more information \u203a<\/a>\n                <\/div>\n            <\/div>\n                    <div class=\"box-card\">\n                                    <div class=\"box-img\">\n                        <img decoding=\"async\" src=\"https:\/\/normativeorders.net\/wp-content\/uploads\/2023\/12\/Plakat_Contrust_Praxisforum.jpg\" class=\"attachment-full size-full wp-post-image\" alt=\"\" srcset=\"https:\/\/normativeorders.net\/wp-content\/uploads\/2023\/12\/Plakat_Contrust_Praxisforum.jpg 840w, https:\/\/normativeorders.net\/wp-content\/uploads\/2023\/12\/Plakat_Contrust_Praxisforum-212x300.jpg 212w, https:\/\/normativeorders.net\/wp-content\/uploads\/2023\/12\/Plakat_Contrust_Praxisforum-724x1024.jpg 724w, https:\/\/normativeorders.net\/wp-content\/uploads\/2023\/12\/Plakat_Contrust_Praxisforum-768x1086.jpg 768w\" sizes=\"(max-width: 840px) 100vw, 840px\" \/>                    <\/div>\n                                <div class=\"box-info\">\n                    <div class=\"box-date\">21.12.2023<\/div>\n                                            <div class=\"box-type\">ConTrust<\/div>\n                                    <\/div>\n                <div class=\"box-main\">\n                    <h3><a href=\"https:\/\/normativeorders.net\/en\/news\/second-contrust-practice-forum-limits-of-trust-areas-of-tension-between-science-politics-and-society-on-january-18-2024\/\">Second ConTrust Practice Forum &#8220;Limits of trust? &#8211; Areas of tension between science, politics and society&#8221; on January 18, 2024<\/a><\/h3>\n                    <p>Democracy is currently facing a question of trust like it hasn&#8217;t for a long time: Do citizens still have sufficient confidence that democratically elected politicians will represent their interests in a way that solves the many challenges of our time?<\/p>                    <a class=\"box-link\" href=\"https:\/\/normativeorders.net\/en\/news\/second-contrust-practice-forum-limits-of-trust-areas-of-tension-between-science-politics-and-society-on-january-18-2024\/\">more information \u203a<\/a>\n                <\/div>\n            <\/div>\n                    <div class=\"box-card\">\n                                    <div class=\"box-img\">\n                        <img decoding=\"async\" src=\"https:\/\/normativeorders.net\/wp-content\/uploads\/2023\/11\/2023_12_13_BooklaunchSchidel.jpg\" class=\"attachment-full size-full wp-post-image\" alt=\"\" srcset=\"https:\/\/normativeorders.net\/wp-content\/uploads\/2023\/11\/2023_12_13_BooklaunchSchidel.jpg 907w, https:\/\/normativeorders.net\/wp-content\/uploads\/2023\/11\/2023_12_13_BooklaunchSchidel-300x169.jpg 300w, https:\/\/normativeorders.net\/wp-content\/uploads\/2023\/11\/2023_12_13_BooklaunchSchidel-768x432.jpg 768w\" sizes=\"(max-width: 907px) 100vw, 907px\" \/>                    <\/div>\n                                <div class=\"box-info\">\n                    <div class=\"box-date\">22.11.2023<\/div>\n                                            <div class=\"box-type\">ConTrust<\/div>\n                                    <\/div>\n                <div class=\"box-main\">\n                    <h3><a href=\"https:\/\/normativeorders.net\/en\/news\/relationality-of-human-dignity-next-book-launch-with-dr-regina-schidel-on-december-6\/\">&#8220;Relationality of human dignity&#8221; &#8211; Next book launch with Dr. Regina Schidel on December 6<\/a><\/h3>\n                    <p>In her book &#8220;Relationalit\u00e4t der Menschenw\u00fcrde &#8211; Zum gerechtigkeitstheoretischen Status von Menschen mit kognitiven Beeintr\u00e4chtigungen&#8221;, which was recently published by Campus Verlag in Open Access, Dr. Regina Schidel analyzes the form of discrimination of ableism, i.e. the disadvantaged position of people with cognitive impairments, from a philosophical and socio-theoretical perspective.<\/p>                    <a class=\"box-link\" href=\"https:\/\/normativeorders.net\/en\/news\/relationality-of-human-dignity-next-book-launch-with-dr-regina-schidel-on-december-6\/\">more information \u203a<\/a>\n                <\/div>\n            <\/div>\n                    <div class=\"box-card\">\n                                    <div class=\"box-img\">\n                        <img decoding=\"async\" src=\"https:\/\/normativeorders.net\/wp-content\/uploads\/2023\/10\/ein-auge-fuer-die-welt.jpg\" class=\"attachment-full size-full wp-post-image\" alt=\"\" srcset=\"https:\/\/normativeorders.net\/wp-content\/uploads\/2023\/10\/ein-auge-fuer-die-welt.jpg 727w, https:\/\/normativeorders.net\/wp-content\/uploads\/2023\/10\/ein-auge-fuer-die-welt-213x300.jpg 213w\" sizes=\"(max-width: 727px) 100vw, 727px\" \/>                    <\/div>\n                                <div class=\"box-info\">\n                    <div class=\"box-date\">11.10.2023<\/div>\n                                            <div class=\"box-type\">ConTrust<\/div>\n                                    <\/div>\n                <div class=\"box-main\">\n                    <h3><a href=\"https:\/\/normativeorders.net\/en\/news\/lecture-film-series-an-eye-for-the-world-the-cinema-of-satyajit-ray-from-october-26-2023\/\">Lecture &amp; film series &#8220;An eye for the world. The Cinema of Satyajit Ray&#8221; from October 26, 2023<\/a><\/h3>\n                    <p>Satyajit Ray (1921-1992) was the first director from India to achieve global recognition. Equally gifted as a graphic artist, musician, writer and director, Ray created a body of work that transcends all boundaries: Those of genres and arts as well as those of cultures. <\/p>                    <a class=\"box-link\" href=\"https:\/\/normativeorders.net\/en\/news\/lecture-film-series-an-eye-for-the-world-the-cinema-of-satyajit-ray-from-october-26-2023\/\">more information \u203a<\/a>\n                <\/div>\n            <\/div>\n                    <div class=\"box-card\">\n                                    <div class=\"box-img\">\n                        <img decoding=\"async\" src=\"https:\/\/normativeorders.net\/wp-content\/uploads\/2023\/10\/Podiumsdiskussion-2-1-Ringvorlesung.jpg\" class=\"attachment-full size-full wp-post-image\" alt=\"\" srcset=\"https:\/\/normativeorders.net\/wp-content\/uploads\/2023\/10\/Podiumsdiskussion-2-1-Ringvorlesung.jpg 840w, https:\/\/normativeorders.net\/wp-content\/uploads\/2023\/10\/Podiumsdiskussion-2-1-Ringvorlesung-194x300.jpg 194w, https:\/\/normativeorders.net\/wp-content\/uploads\/2023\/10\/Podiumsdiskussion-2-1-Ringvorlesung-663x1024.jpg 663w, https:\/\/normativeorders.net\/wp-content\/uploads\/2023\/10\/Podiumsdiskussion-2-1-Ringvorlesung-768x1187.jpg 768w\" sizes=\"(max-width: 840px) 100vw, 840px\" \/>                    <\/div>\n                                <div class=\"box-info\">\n                    <div class=\"box-date\">11.10.2023<\/div>\n                                            <div class=\"box-type\">ConTrust<\/div>\n                                    <\/div>\n                <div class=\"box-main\">\n                    <h3><a href=\"https:\/\/normativeorders.net\/en\/news\/climate-activism-of-the-last-generation-on-the-legality-and-legitimacy-of-a-political-practice-panel-discussion-on-october-19\/\">Climate Activism of the Last Generation &#8211; On the Legality and Legitimacy of a Political Practice &#8211; Panel Discussion on October 19<\/a><\/h3>\n                    <p>The last generation is the subject of controversial social debate. On the one hand, the forms of protest and the group itself are exposed to criminal prosecution; on the other hand, civil disobedience as a political practice is ascribed a significant role in the socio-ecological transformation of society.<\/p>                    <a class=\"box-link\" href=\"https:\/\/normativeorders.net\/en\/news\/climate-activism-of-the-last-generation-on-the-legality-and-legitimacy-of-a-political-practice-panel-discussion-on-october-19\/\">more information \u203a<\/a>\n                <\/div>\n            <\/div>\n        <\/div>\n\n<div class=\"pagination js-paged-pressemitteilungen\"><span aria-current=\"page\" class=\"page-numbers current\">1<\/span>\n<a class=\"page-numbers\" href=\"?paged=2\">2<\/a><\/div>\n            <\/div>\n        <\/section>\n\n    ","protected":false},"excerpt":{"rendered":"","protected":false},"author":6,"featured_media":0,"comment_status":"open","ping_status":"open","sticky":false,"template":"","format":"standard","meta":{"inline_featured_image":false,"footnotes":"","_links_to":"","_links_to_target":""},"categories":[272],"tags":[],"class_list":["post-6673","post","type-post","status-publish","format-standard","hentry","category-past-projects-en"],"acf":[],"_links":{"self":[{"href":"https:\/\/normativeorders.net\/en\/wp-json\/wp\/v2\/posts\/6673"}],"collection":[{"href":"https:\/\/normativeorders.net\/en\/wp-json\/wp\/v2\/posts"}],"about":[{"href":"https:\/\/normativeorders.net\/en\/wp-json\/wp\/v2\/types\/post"}],"author":[{"embeddable":true,"href":"https:\/\/normativeorders.net\/en\/wp-json\/wp\/v2\/users\/6"}],"replies":[{"embeddable":true,"href":"https:\/\/normativeorders.net\/en\/wp-json\/wp\/v2\/comments?post=6673"}],"version-history":[{"count":1,"href":"https:\/\/normativeorders.net\/en\/wp-json\/wp\/v2\/posts\/6673\/revisions"}],"predecessor-version":[{"id":6674,"href":"https:\/\/normativeorders.net\/en\/wp-json\/wp\/v2\/posts\/6673\/revisions\/6674"}],"wp:attachment":[{"href":"https:\/\/normativeorders.net\/en\/wp-json\/wp\/v2\/media?parent=6673"}],"wp:term":[{"taxonomy":"category","embeddable":true,"href":"https:\/\/normativeorders.net\/en\/wp-json\/wp\/v2\/categories?post=6673"},{"taxonomy":"post_tag","embeddable":true,"href":"https:\/\/normativeorders.net\/en\/wp-json\/wp\/v2\/tags?post=6673"}],"curies":[{"name":"wp","href":"https:\/\/api.w.org\/{rel}","templated":true}]}}