{"id":7134,"date":"2023-11-22T10:09:00","date_gmt":"2023-11-22T09:09:00","guid":{"rendered":"https:\/\/reverent-antonelli.23-88-7-78.plesk.page\/news\/relationality-of-human-dignity-next-book-launch-with-dr-regina-schidel-on-december-6\/"},"modified":"2025-04-15T12:02:45","modified_gmt":"2025-04-15T10:02:45","slug":"relationality-of-human-dignity-next-book-launch-with-dr-regina-schidel-on-december-6","status":"publish","type":"news","link":"https:\/\/normativeorders.net\/en\/news\/relationality-of-human-dignity-next-book-launch-with-dr-regina-schidel-on-december-6\/","title":{"rendered":"&#8220;Relationality of human dignity&#8221; &#8211; Next book launch with Dr. Regina Schidel on December 6"},"content":{"rendered":"\n<p>In her book &#8220;Relationalit\u00e4t der Menschenw\u00fcrde &#8211; Zum gerechtigkeitstheoretischen Status von Menschen mit kognitiven Beeintr\u00e4chtigungen&#8221;, which was recently published by Campus Verlag in Open Access, Dr. Regina Schidel analyzes the form of discrimination of ableism, i.e. the discrimination of people with cognitive impairments, from a philosophical and socio-theoretical perspective. She starts from an innovative interpretation of the concept of human dignity and shows why we owe respect to all people as inhabitants of a divided world. She will present the book at the next &#8220;Book l\u0254:nt\u0283&#8221; on Wednesday, 6 December 2023, at 1 pm, followed by an interdisciplinary discussion.<br\/>Dr. Regina Schidel is a postdoc in the &#8220;ConTrust &#8211; Trust in Conflict&#8221; project at Research Centre Normative Orders Frankfurt, where she works on epistemic exclusions and marginalized bodies of knowledge.  <\/p>\n\n<p>Further information about the book: <a href=\"https:\/\/www.campus.de\/buecher-campus-verlag\/wissenschaft\/philosophie\/relationalitaet_der_menschenwuerde-17761.html\" target=\"_blank\" rel=\"noreferrer noopener\">Here&#8230;<\/a><\/p>\n","protected":false},"excerpt":{"rendered":"<p>In her book &#8220;Relationalit\u00e4t der Menschenw\u00fcrde &#8211; Zum gerechtigkeitstheoretischen Status von Menschen mit kognitiven Beeintr\u00e4chtigungen&#8221;, which was recently published by Campus Verlag in Open Access, Dr. Regina Schidel analyzes the form of discrimination of ableism, i.e. the disadvantaged position of people with cognitive impairments, from a philosophical and socio-theoretical perspective.<\/p>\n","protected":false},"author":5,"featured_media":1299,"template":"","meta":{"inline_featured_image":false,"_links_to":"","_links_to_target":""},"news_cat":[126],"class_list":["post-7134","news","type-news","status-publish","has-post-thumbnail","hentry","news_cat-contrust-en"],"acf":[],"_links":{"self":[{"href":"https:\/\/normativeorders.net\/en\/wp-json\/wp\/v2\/news\/7134"}],"collection":[{"href":"https:\/\/normativeorders.net\/en\/wp-json\/wp\/v2\/news"}],"about":[{"href":"https:\/\/normativeorders.net\/en\/wp-json\/wp\/v2\/types\/news"}],"author":[{"embeddable":true,"href":"https:\/\/normativeorders.net\/en\/wp-json\/wp\/v2\/users\/5"}],"wp:featuredmedia":[{"embeddable":true,"href":"https:\/\/normativeorders.net\/en\/wp-json\/wp\/v2\/media\/1299"}],"wp:attachment":[{"href":"https:\/\/normativeorders.net\/en\/wp-json\/wp\/v2\/media?parent=7134"}],"wp:term":[{"taxonomy":"news_cat","embeddable":true,"href":"https:\/\/normativeorders.net\/en\/wp-json\/wp\/v2\/news_cat?post=7134"}],"curies":[{"name":"wp","href":"https:\/\/api.w.org\/{rel}","templated":true}]}}